{"id":9479,"date":"2014-12-31T18:54:20","date_gmt":"2014-12-31T17:54:20","guid":{"rendered":"http:\/\/hr.dd-dns.de\/galerie\/?p=9479"},"modified":"2025-01-04T19:58:09","modified_gmt":"2025-01-04T18:58:09","slug":"landschaft","status":"publish","type":"post","link":"https:\/\/h-r.spdns.de\/galerie\/featuredposts\/landschaft\/","title":{"rendered":"Landschaft"},"content":{"rendered":"<p>Die Landschaftsfotografie ist ein weites Themengebiet der Fotografie und fasziniert mich seit jeher. Sie ist vermutlich auch eine der \u00e4ltesten Themen im gro\u00dfen Themenpool der Fotografie. Hierbei versuche ich die Sch\u00f6nheit der Natur m\u00f6glichst in ihrer ganzen Form mit Licht und Schatten, in all&#8216; ihren Farben und mit ihrer teilweise verbl\u00fcffend einfachen Struktur festzuhalten. Daf\u00fcr arbeite ich vorzugweise mit weitwinkeligen Objektiven und verwende gerne das Panoramaformat, welches dem Betrachter besonders weite Einblicke erm\u00f6glicht. Diese Auswahl an Bildern entstand gr\u00f6\u00dftenteils in der n\u00e4heren Umgebung meiner Heimatstadt Hannover oder bei Exkursionen in umliegende Regionen.<\/p>\nngg_shortcode_0_placeholder\n","protected":false},"excerpt":{"rendered":"<p>Die Landschaftsfotografie ist ein weites Themengebiet der Fotografie und fasziniert mich seit jeher. Sie ist vermutlich auch eine der \u00e4ltesten Themen im gro\u00dfen Themenpool der Fotografie. Hierbei versuche ich die Sch\u00f6nheit der Natur m\u00f6glichst in ihrer ganzen Form mit Licht und Schatten, in all&#8216; ihren Farben und mit ihrer teilweise verbl\u00fcffend einfachen Struktur festzuhalten. Daf\u00fcr&#8230;<\/p>\n<p class=\"more-link-wrap\"><a class=\"more-link\" href=\"https:\/\/h-r.spdns.de\/galerie\/featuredposts\/landschaft\/\">Read More<\/a><\/p>\n","protected":false},"author":1,"featured_media":17736,"comment_status":"open","ping_status":"open","sticky":false,"template":"","format":"standard","meta":{"_crdt_document":"","_genesis_hide_title":false,"_genesis_hide_breadcrumbs":false,"_genesis_hide_singular_image":false,"_genesis_hide_footer_widgets":false,"_genesis_custom_body_class":"","_genesis_custom_post_class":"","_genesis_layout":"","ngg_post_thumbnail":0,"footnotes":""},"categories":[57],"tags":[],"class_list":{"0":"post-9479","1":"post","2":"type-post","3":"status-publish","4":"format-standard","5":"has-post-thumbnail","7":"category-featuredposts","8":"entry"},"yoast_head":"<!-- This site is optimized with the Yoast SEO plugin v27.5 - https:\/\/yoast.com\/product\/yoast-seo-wordpress\/ -->\n<title>Landschaft - Heiko R\u00f6bke Photography<\/title>\n<meta name=\"robots\" content=\"index, follow, max-snippet:-1, max-image-preview:large, max-video-preview:-1\" \/>\n<link rel=\"canonical\" href=\"https:\/\/h-r.spdns.de\/galerie\/featuredposts\/landschaft\/\" \/>\n<meta property=\"og:locale\" content=\"de_DE\" \/>\n<meta property=\"og:type\" content=\"article\" \/>\n<meta property=\"og:title\" content=\"Landschaft - Heiko R\u00f6bke Photography\" \/>\n<meta property=\"og:description\" content=\"Die Landschaftsfotografie ist ein weites Themengebiet der Fotografie und fasziniert mich seit jeher. Sie ist vermutlich auch eine der \u00e4ltesten Themen im gro\u00dfen Themenpool der Fotografie. Hierbei versuche ich die Sch\u00f6nheit der Natur m\u00f6glichst in ihrer ganzen Form mit Licht und Schatten, in all&#8216; ihren Farben und mit ihrer teilweise verbl\u00fcffend einfachen Struktur festzuhalten. Daf\u00fcr...Read More\" \/>\n<meta property=\"og:url\" content=\"https:\/\/h-r.spdns.de\/galerie\/featuredposts\/landschaft\/\" \/>\n<meta property=\"og:site_name\" content=\"Heiko R\u00f6bke Photography\" \/>\n<meta property=\"article:published_time\" content=\"2014-12-31T17:54:20+00:00\" \/>\n<meta property=\"article:modified_time\" content=\"2025-01-04T18:58:09+00:00\" \/>\n<meta property=\"og:image\" content=\"https:\/\/h-r.spdns.de\/galerie\/wp-content\/uploads\/FPLandscape-001-von-001-e1736017077206.jpg\" \/>\n\t<meta property=\"og:image:width\" content=\"1200\" \/>\n\t<meta property=\"og:image:height\" content=\"739\" \/>\n\t<meta property=\"og:image:type\" content=\"image\/jpeg\" \/>\n<meta name=\"author\" content=\"Heiko\" \/>\n<meta name=\"twitter:card\" content=\"summary_large_image\" \/>\n<meta name=\"twitter:label1\" content=\"Verfasst von\" \/>\n\t<meta name=\"twitter:data1\" content=\"Heiko\" \/>\n\t<meta name=\"twitter:label2\" content=\"Gesch\u00e4tzte Lesezeit\" \/>\n\t<meta name=\"twitter:data2\" content=\"1\u00a0Minute\" \/>\n<script type=\"application\/ld+json\" class=\"yoast-schema-graph\">{\"@context\":\"https:\\\/\\\/schema.org\",\"@graph\":[{\"@type\":\"Article\",\"@id\":\"https:\\\/\\\/h-r.spdns.de\\\/galerie\\\/featuredposts\\\/landschaft\\\/#article\",\"isPartOf\":{\"@id\":\"https:\\\/\\\/h-r.spdns.de\\\/galerie\\\/featuredposts\\\/landschaft\\\/\"},\"author\":{\"name\":\"Heiko\",\"@id\":\"https:\\\/\\\/h-r.spdns.de\\\/galerie\\\/#\\\/schema\\\/person\\\/184593075d9bf5f5c7e2d6d9bdb2b703\"},\"headline\":\"Landschaft\",\"datePublished\":\"2014-12-31T17:54:20+00:00\",\"dateModified\":\"2025-01-04T18:58:09+00:00\",\"mainEntityOfPage\":{\"@id\":\"https:\\\/\\\/h-r.spdns.de\\\/galerie\\\/featuredposts\\\/landschaft\\\/\"},\"wordCount\":124,\"commentCount\":0,\"publisher\":{\"@id\":\"https:\\\/\\\/h-r.spdns.de\\\/galerie\\\/#\\\/schema\\\/person\\\/184593075d9bf5f5c7e2d6d9bdb2b703\"},\"image\":{\"@id\":\"https:\\\/\\\/h-r.spdns.de\\\/galerie\\\/featuredposts\\\/landschaft\\\/#primaryimage\"},\"thumbnailUrl\":\"https:\\\/\\\/h-r.spdns.de\\\/galerie\\\/wp-content\\\/uploads\\\/FPLandscape-001-von-001-e1736017077206.jpg\",\"articleSection\":[\"FeaturedPosts\"],\"inLanguage\":\"de\",\"potentialAction\":[{\"@type\":\"CommentAction\",\"name\":\"Comment\",\"target\":[\"https:\\\/\\\/h-r.spdns.de\\\/galerie\\\/featuredposts\\\/landschaft\\\/#respond\"]}]},{\"@type\":\"WebPage\",\"@id\":\"https:\\\/\\\/h-r.spdns.de\\\/galerie\\\/featuredposts\\\/landschaft\\\/\",\"url\":\"https:\\\/\\\/h-r.spdns.de\\\/galerie\\\/featuredposts\\\/landschaft\\\/\",\"name\":\"Landschaft - Heiko R\u00f6bke Photography\",\"isPartOf\":{\"@id\":\"https:\\\/\\\/h-r.spdns.de\\\/galerie\\\/#website\"},\"primaryImageOfPage\":{\"@id\":\"https:\\\/\\\/h-r.spdns.de\\\/galerie\\\/featuredposts\\\/landschaft\\\/#primaryimage\"},\"image\":{\"@id\":\"https:\\\/\\\/h-r.spdns.de\\\/galerie\\\/featuredposts\\\/landschaft\\\/#primaryimage\"},\"thumbnailUrl\":\"https:\\\/\\\/h-r.spdns.de\\\/galerie\\\/wp-content\\\/uploads\\\/FPLandscape-001-von-001-e1736017077206.jpg\",\"datePublished\":\"2014-12-31T17:54:20+00:00\",\"dateModified\":\"2025-01-04T18:58:09+00:00\",\"breadcrumb\":{\"@id\":\"https:\\\/\\\/h-r.spdns.de\\\/galerie\\\/featuredposts\\\/landschaft\\\/#breadcrumb\"},\"inLanguage\":\"de\",\"potentialAction\":[{\"@type\":\"ReadAction\",\"target\":[\"https:\\\/\\\/h-r.spdns.de\\\/galerie\\\/featuredposts\\\/landschaft\\\/\"]}]},{\"@type\":\"ImageObject\",\"inLanguage\":\"de\",\"@id\":\"https:\\\/\\\/h-r.spdns.de\\\/galerie\\\/featuredposts\\\/landschaft\\\/#primaryimage\",\"url\":\"https:\\\/\\\/h-r.spdns.de\\\/galerie\\\/wp-content\\\/uploads\\\/FPLandscape-001-von-001-e1736017077206.jpg\",\"contentUrl\":\"https:\\\/\\\/h-r.spdns.de\\\/galerie\\\/wp-content\\\/uploads\\\/FPLandscape-001-von-001-e1736017077206.jpg\",\"width\":1200,\"height\":739,\"caption\":\"Gesehen und aufgenommen 2009 in der holsteinischen Schweiz bei Eutin in Schleswig-Holstein. Website: www.heiko-roebke-photography.de\"},{\"@type\":\"BreadcrumbList\",\"@id\":\"https:\\\/\\\/h-r.spdns.de\\\/galerie\\\/featuredposts\\\/landschaft\\\/#breadcrumb\",\"itemListElement\":[{\"@type\":\"ListItem\",\"position\":1,\"name\":\"Startseite\",\"item\":\"https:\\\/\\\/h-r.spdns.de\\\/galerie\\\/\"},{\"@type\":\"ListItem\",\"position\":2,\"name\":\"Landschaft\"}]},{\"@type\":\"WebSite\",\"@id\":\"https:\\\/\\\/h-r.spdns.de\\\/galerie\\\/#website\",\"url\":\"https:\\\/\\\/h-r.spdns.de\\\/galerie\\\/\",\"name\":\"Heiko R\u00f6bke Photography\",\"description\":\"Momente &amp; Impressionen\",\"publisher\":{\"@id\":\"https:\\\/\\\/h-r.spdns.de\\\/galerie\\\/#\\\/schema\\\/person\\\/184593075d9bf5f5c7e2d6d9bdb2b703\"},\"potentialAction\":[{\"@type\":\"SearchAction\",\"target\":{\"@type\":\"EntryPoint\",\"urlTemplate\":\"https:\\\/\\\/h-r.spdns.de\\\/galerie\\\/?s={search_term_string}\"},\"query-input\":{\"@type\":\"PropertyValueSpecification\",\"valueRequired\":true,\"valueName\":\"search_term_string\"}}],\"inLanguage\":\"de\"},{\"@type\":[\"Person\",\"Organization\"],\"@id\":\"https:\\\/\\\/h-r.spdns.de\\\/galerie\\\/#\\\/schema\\\/person\\\/184593075d9bf5f5c7e2d6d9bdb2b703\",\"name\":\"Heiko\",\"image\":{\"@type\":\"ImageObject\",\"inLanguage\":\"de\",\"@id\":\"https:\\\/\\\/h-r.spdns.de\\\/galerie\\\/wp-content\\\/uploads\\\/2016\\\/11\\\/cropped-WordpressHomeSlideshow-10-e1587147672908.jpg\",\"url\":\"https:\\\/\\\/h-r.spdns.de\\\/galerie\\\/wp-content\\\/uploads\\\/2016\\\/11\\\/cropped-WordpressHomeSlideshow-10-e1587147672908.jpg\",\"contentUrl\":\"https:\\\/\\\/h-r.spdns.de\\\/galerie\\\/wp-content\\\/uploads\\\/2016\\\/11\\\/cropped-WordpressHomeSlideshow-10-e1587147672908.jpg\",\"width\":256,\"height\":256,\"caption\":\"Heiko\"},\"logo\":{\"@id\":\"https:\\\/\\\/h-r.spdns.de\\\/galerie\\\/wp-content\\\/uploads\\\/2016\\\/11\\\/cropped-WordpressHomeSlideshow-10-e1587147672908.jpg\"},\"sameAs\":[\"http:\\\/\\\/www.heiko-roebke-photography.de\",\"heiko.roebke.photography\"]}]}<\/script>\n<!-- \/ Yoast SEO plugin. -->","yoast_head_json":{"title":"Landschaft - Heiko R\u00f6bke Photography","robots":{"index":"index","follow":"follow","max-snippet":"max-snippet:-1","max-image-preview":"max-image-preview:large","max-video-preview":"max-video-preview:-1"},"canonical":"https:\/\/h-r.spdns.de\/galerie\/featuredposts\/landschaft\/","og_locale":"de_DE","og_type":"article","og_title":"Landschaft - Heiko R\u00f6bke Photography","og_description":"Die Landschaftsfotografie ist ein weites Themengebiet der Fotografie und fasziniert mich seit jeher. Sie ist vermutlich auch eine der \u00e4ltesten Themen im gro\u00dfen Themenpool der Fotografie. Hierbei versuche ich die Sch\u00f6nheit der Natur m\u00f6glichst in ihrer ganzen Form mit Licht und Schatten, in all&#8216; ihren Farben und mit ihrer teilweise verbl\u00fcffend einfachen Struktur festzuhalten. Daf\u00fcr...Read More","og_url":"https:\/\/h-r.spdns.de\/galerie\/featuredposts\/landschaft\/","og_site_name":"Heiko R\u00f6bke Photography","article_published_time":"2014-12-31T17:54:20+00:00","article_modified_time":"2025-01-04T18:58:09+00:00","og_image":[{"width":1200,"height":739,"url":"https:\/\/h-r.spdns.de\/galerie\/wp-content\/uploads\/FPLandscape-001-von-001-e1736017077206.jpg","type":"image\/jpeg"}],"author":"Heiko","twitter_card":"summary_large_image","twitter_misc":{"Verfasst von":"Heiko","Gesch\u00e4tzte Lesezeit":"1\u00a0Minute"},"schema":{"@context":"https:\/\/schema.org","@graph":[{"@type":"Article","@id":"https:\/\/h-r.spdns.de\/galerie\/featuredposts\/landschaft\/#article","isPartOf":{"@id":"https:\/\/h-r.spdns.de\/galerie\/featuredposts\/landschaft\/"},"author":{"name":"Heiko","@id":"https:\/\/h-r.spdns.de\/galerie\/#\/schema\/person\/184593075d9bf5f5c7e2d6d9bdb2b703"},"headline":"Landschaft","datePublished":"2014-12-31T17:54:20+00:00","dateModified":"2025-01-04T18:58:09+00:00","mainEntityOfPage":{"@id":"https:\/\/h-r.spdns.de\/galerie\/featuredposts\/landschaft\/"},"wordCount":124,"commentCount":0,"publisher":{"@id":"https:\/\/h-r.spdns.de\/galerie\/#\/schema\/person\/184593075d9bf5f5c7e2d6d9bdb2b703"},"image":{"@id":"https:\/\/h-r.spdns.de\/galerie\/featuredposts\/landschaft\/#primaryimage"},"thumbnailUrl":"https:\/\/h-r.spdns.de\/galerie\/wp-content\/uploads\/FPLandscape-001-von-001-e1736017077206.jpg","articleSection":["FeaturedPosts"],"inLanguage":"de","potentialAction":[{"@type":"CommentAction","name":"Comment","target":["https:\/\/h-r.spdns.de\/galerie\/featuredposts\/landschaft\/#respond"]}]},{"@type":"WebPage","@id":"https:\/\/h-r.spdns.de\/galerie\/featuredposts\/landschaft\/","url":"https:\/\/h-r.spdns.de\/galerie\/featuredposts\/landschaft\/","name":"Landschaft - Heiko R\u00f6bke Photography","isPartOf":{"@id":"https:\/\/h-r.spdns.de\/galerie\/#website"},"primaryImageOfPage":{"@id":"https:\/\/h-r.spdns.de\/galerie\/featuredposts\/landschaft\/#primaryimage"},"image":{"@id":"https:\/\/h-r.spdns.de\/galerie\/featuredposts\/landschaft\/#primaryimage"},"thumbnailUrl":"https:\/\/h-r.spdns.de\/galerie\/wp-content\/uploads\/FPLandscape-001-von-001-e1736017077206.jpg","datePublished":"2014-12-31T17:54:20+00:00","dateModified":"2025-01-04T18:58:09+00:00","breadcrumb":{"@id":"https:\/\/h-r.spdns.de\/galerie\/featuredposts\/landschaft\/#breadcrumb"},"inLanguage":"de","potentialAction":[{"@type":"ReadAction","target":["https:\/\/h-r.spdns.de\/galerie\/featuredposts\/landschaft\/"]}]},{"@type":"ImageObject","inLanguage":"de","@id":"https:\/\/h-r.spdns.de\/galerie\/featuredposts\/landschaft\/#primaryimage","url":"https:\/\/h-r.spdns.de\/galerie\/wp-content\/uploads\/FPLandscape-001-von-001-e1736017077206.jpg","contentUrl":"https:\/\/h-r.spdns.de\/galerie\/wp-content\/uploads\/FPLandscape-001-von-001-e1736017077206.jpg","width":1200,"height":739,"caption":"Gesehen und aufgenommen 2009 in der holsteinischen Schweiz bei Eutin in Schleswig-Holstein. Website: www.heiko-roebke-photography.de"},{"@type":"BreadcrumbList","@id":"https:\/\/h-r.spdns.de\/galerie\/featuredposts\/landschaft\/#breadcrumb","itemListElement":[{"@type":"ListItem","position":1,"name":"Startseite","item":"https:\/\/h-r.spdns.de\/galerie\/"},{"@type":"ListItem","position":2,"name":"Landschaft"}]},{"@type":"WebSite","@id":"https:\/\/h-r.spdns.de\/galerie\/#website","url":"https:\/\/h-r.spdns.de\/galerie\/","name":"Heiko R\u00f6bke Photography","description":"Momente &amp; Impressionen","publisher":{"@id":"https:\/\/h-r.spdns.de\/galerie\/#\/schema\/person\/184593075d9bf5f5c7e2d6d9bdb2b703"},"potentialAction":[{"@type":"SearchAction","target":{"@type":"EntryPoint","urlTemplate":"https:\/\/h-r.spdns.de\/galerie\/?s={search_term_string}"},"query-input":{"@type":"PropertyValueSpecification","valueRequired":true,"valueName":"search_term_string"}}],"inLanguage":"de"},{"@type":["Person","Organization"],"@id":"https:\/\/h-r.spdns.de\/galerie\/#\/schema\/person\/184593075d9bf5f5c7e2d6d9bdb2b703","name":"Heiko","image":{"@type":"ImageObject","inLanguage":"de","@id":"https:\/\/h-r.spdns.de\/galerie\/wp-content\/uploads\/2016\/11\/cropped-WordpressHomeSlideshow-10-e1587147672908.jpg","url":"https:\/\/h-r.spdns.de\/galerie\/wp-content\/uploads\/2016\/11\/cropped-WordpressHomeSlideshow-10-e1587147672908.jpg","contentUrl":"https:\/\/h-r.spdns.de\/galerie\/wp-content\/uploads\/2016\/11\/cropped-WordpressHomeSlideshow-10-e1587147672908.jpg","width":256,"height":256,"caption":"Heiko"},"logo":{"@id":"https:\/\/h-r.spdns.de\/galerie\/wp-content\/uploads\/2016\/11\/cropped-WordpressHomeSlideshow-10-e1587147672908.jpg"},"sameAs":["http:\/\/www.heiko-roebke-photography.de","heiko.roebke.photography"]}]}},"_links":{"self":[{"href":"https:\/\/h-r.spdns.de\/galerie\/wp-json\/wp\/v2\/posts\/9479","targetHints":{"allow":["GET"]}}],"collection":[{"href":"https:\/\/h-r.spdns.de\/galerie\/wp-json\/wp\/v2\/posts"}],"about":[{"href":"https:\/\/h-r.spdns.de\/galerie\/wp-json\/wp\/v2\/types\/post"}],"author":[{"embeddable":true,"href":"https:\/\/h-r.spdns.de\/galerie\/wp-json\/wp\/v2\/users\/1"}],"replies":[{"embeddable":true,"href":"https:\/\/h-r.spdns.de\/galerie\/wp-json\/wp\/v2\/comments?post=9479"}],"version-history":[{"count":1,"href":"https:\/\/h-r.spdns.de\/galerie\/wp-json\/wp\/v2\/posts\/9479\/revisions"}],"predecessor-version":[{"id":17626,"href":"https:\/\/h-r.spdns.de\/galerie\/wp-json\/wp\/v2\/posts\/9479\/revisions\/17626"}],"wp:featuredmedia":[{"embeddable":true,"href":"https:\/\/h-r.spdns.de\/galerie\/wp-json\/wp\/v2\/media\/17736"}],"wp:attachment":[{"href":"https:\/\/h-r.spdns.de\/galerie\/wp-json\/wp\/v2\/media?parent=9479"}],"wp:term":[{"taxonomy":"category","embeddable":true,"href":"https:\/\/h-r.spdns.de\/galerie\/wp-json\/wp\/v2\/categories?post=9479"},{"taxonomy":"post_tag","embeddable":true,"href":"https:\/\/h-r.spdns.de\/galerie\/wp-json\/wp\/v2\/tags?post=9479"}],"curies":[{"name":"wp","href":"https:\/\/api.w.org\/{rel}","templated":true}]}}