{"id":9490,"date":"2014-12-31T19:05:40","date_gmt":"2014-12-31T18:05:40","guid":{"rendered":"http:\/\/hr.dd-dns.de\/galerie\/?p=9490"},"modified":"2025-01-08T17:38:32","modified_gmt":"2025-01-08T16:38:32","slug":"abstraktes","status":"publish","type":"post","link":"https:\/\/h-r.spdns.de\/galerie\/featuredposts\/abstraktes\/","title":{"rendered":"Abstraktes"},"content":{"rendered":"<p>Im Regelfall bildet die Fotografie die Wirklichkeit ab und ist auf einen Gegenstand bezogen. Farben, Formen und Strukturen pr\u00e4gen dagegen die abstrakte Fotografie. F\u00fcr mich als Fotograf ein relativ junges Thema, das mich aber zunehmend fesselt und fasziniert. Denn: Alles ist erlaubt und scheinbar allt\u00e4gliche Dinge k\u00f6nnen durch ungew\u00f6hnliche Perspektiven und Aufnahmetechniken beim Betrachter ihren besonderen Reiz entfalten und die eigene Phantasie befl\u00fcgeln.<\/p>\nngg_shortcode_0_placeholder\n","protected":false},"excerpt":{"rendered":"<p>Im Regelfall bildet die Fotografie die Wirklichkeit ab und ist auf einen Gegenstand bezogen. Farben, Formen und Strukturen pr\u00e4gen dagegen die abstrakte Fotografie. F\u00fcr mich als Fotograf ein relativ junges Thema, das mich aber zunehmend fesselt und fasziniert. Denn: Alles ist erlaubt und scheinbar allt\u00e4gliche Dinge k\u00f6nnen durch ungew\u00f6hnliche Perspektiven und Aufnahmetechniken beim Betrachter ihren&#8230;<\/p>\n<p class=\"more-link-wrap\"><a class=\"more-link\" href=\"https:\/\/h-r.spdns.de\/galerie\/featuredposts\/abstraktes\/\">Read More<\/a><\/p>\n","protected":false},"author":1,"featured_media":10417,"comment_status":"open","ping_status":"open","sticky":false,"template":"","format":"standard","meta":{"_crdt_document":"","_genesis_hide_title":false,"_genesis_hide_breadcrumbs":false,"_genesis_hide_singular_image":false,"_genesis_hide_footer_widgets":false,"_genesis_custom_body_class":"","_genesis_custom_post_class":"","_genesis_layout":"","ngg_post_thumbnail":0,"footnotes":""},"categories":[57],"tags":[],"class_list":{"0":"post-9490","1":"post","2":"type-post","3":"status-publish","4":"format-standard","5":"has-post-thumbnail","7":"category-featuredposts","8":"entry"},"yoast_head":"<!-- This site is optimized with the Yoast SEO plugin v27.5 - https:\/\/yoast.com\/product\/yoast-seo-wordpress\/ -->\n<title>Abstraktes - Heiko R\u00f6bke Photography<\/title>\n<meta name=\"description\" content=\"Abstraktes Abstrakt Formen Strukturen Perspektiven PhantasieFormen Strukturen\" \/>\n<meta name=\"robots\" content=\"index, follow, max-snippet:-1, max-image-preview:large, max-video-preview:-1\" \/>\n<link rel=\"canonical\" href=\"https:\/\/h-r.spdns.de\/galerie\/featuredposts\/abstraktes\/\" \/>\n<meta property=\"og:locale\" content=\"de_DE\" \/>\n<meta property=\"og:type\" content=\"article\" \/>\n<meta property=\"og:title\" content=\"Abstraktes - Heiko R\u00f6bke Photography\" \/>\n<meta property=\"og:description\" content=\"Abstraktes Abstrakt Formen Strukturen Perspektiven PhantasieFormen Strukturen\" \/>\n<meta property=\"og:url\" content=\"https:\/\/h-r.spdns.de\/galerie\/featuredposts\/abstraktes\/\" \/>\n<meta property=\"og:site_name\" content=\"Heiko R\u00f6bke Photography\" \/>\n<meta property=\"article:published_time\" content=\"2014-12-31T18:05:40+00:00\" \/>\n<meta property=\"article:modified_time\" content=\"2025-01-08T16:38:32+00:00\" \/>\n<meta property=\"og:image\" content=\"https:\/\/h-r.spdns.de\/galerie\/wp-content\/uploads\/qFeaturedPost-007-von-010.jpg\" \/>\n\t<meta property=\"og:image:width\" content=\"640\" \/>\n\t<meta property=\"og:image:height\" content=\"640\" \/>\n\t<meta property=\"og:image:type\" content=\"image\/jpeg\" \/>\n<meta name=\"author\" content=\"Heiko\" \/>\n<meta name=\"twitter:card\" content=\"summary_large_image\" \/>\n<meta name=\"twitter:label1\" content=\"Verfasst von\" \/>\n\t<meta name=\"twitter:data1\" content=\"Heiko\" \/>\n\t<meta name=\"twitter:label2\" content=\"Gesch\u00e4tzte Lesezeit\" \/>\n\t<meta name=\"twitter:data2\" content=\"1\u00a0Minute\" \/>\n<script type=\"application\/ld+json\" class=\"yoast-schema-graph\">{\"@context\":\"https:\\\/\\\/schema.org\",\"@graph\":[{\"@type\":\"Article\",\"@id\":\"https:\\\/\\\/h-r.spdns.de\\\/galerie\\\/featuredposts\\\/abstraktes\\\/#article\",\"isPartOf\":{\"@id\":\"https:\\\/\\\/h-r.spdns.de\\\/galerie\\\/featuredposts\\\/abstraktes\\\/\"},\"author\":{\"name\":\"Heiko\",\"@id\":\"https:\\\/\\\/h-r.spdns.de\\\/galerie\\\/#\\\/schema\\\/person\\\/184593075d9bf5f5c7e2d6d9bdb2b703\"},\"headline\":\"Abstraktes\",\"datePublished\":\"2014-12-31T18:05:40+00:00\",\"dateModified\":\"2025-01-08T16:38:32+00:00\",\"mainEntityOfPage\":{\"@id\":\"https:\\\/\\\/h-r.spdns.de\\\/galerie\\\/featuredposts\\\/abstraktes\\\/\"},\"wordCount\":93,\"commentCount\":2,\"publisher\":{\"@id\":\"https:\\\/\\\/h-r.spdns.de\\\/galerie\\\/#\\\/schema\\\/person\\\/184593075d9bf5f5c7e2d6d9bdb2b703\"},\"image\":{\"@id\":\"https:\\\/\\\/h-r.spdns.de\\\/galerie\\\/featuredposts\\\/abstraktes\\\/#primaryimage\"},\"thumbnailUrl\":\"https:\\\/\\\/h-r.spdns.de\\\/galerie\\\/wp-content\\\/uploads\\\/qFeaturedPost-007-von-010.jpg\",\"articleSection\":[\"FeaturedPosts\"],\"inLanguage\":\"de\",\"potentialAction\":[{\"@type\":\"CommentAction\",\"name\":\"Comment\",\"target\":[\"https:\\\/\\\/h-r.spdns.de\\\/galerie\\\/featuredposts\\\/abstraktes\\\/#respond\"]}]},{\"@type\":\"WebPage\",\"@id\":\"https:\\\/\\\/h-r.spdns.de\\\/galerie\\\/featuredposts\\\/abstraktes\\\/\",\"url\":\"https:\\\/\\\/h-r.spdns.de\\\/galerie\\\/featuredposts\\\/abstraktes\\\/\",\"name\":\"Abstraktes - Heiko R\u00f6bke Photography\",\"isPartOf\":{\"@id\":\"https:\\\/\\\/h-r.spdns.de\\\/galerie\\\/#website\"},\"primaryImageOfPage\":{\"@id\":\"https:\\\/\\\/h-r.spdns.de\\\/galerie\\\/featuredposts\\\/abstraktes\\\/#primaryimage\"},\"image\":{\"@id\":\"https:\\\/\\\/h-r.spdns.de\\\/galerie\\\/featuredposts\\\/abstraktes\\\/#primaryimage\"},\"thumbnailUrl\":\"https:\\\/\\\/h-r.spdns.de\\\/galerie\\\/wp-content\\\/uploads\\\/qFeaturedPost-007-von-010.jpg\",\"datePublished\":\"2014-12-31T18:05:40+00:00\",\"dateModified\":\"2025-01-08T16:38:32+00:00\",\"description\":\"Abstraktes Abstrakt Formen Strukturen Perspektiven PhantasieFormen Strukturen\",\"breadcrumb\":{\"@id\":\"https:\\\/\\\/h-r.spdns.de\\\/galerie\\\/featuredposts\\\/abstraktes\\\/#breadcrumb\"},\"inLanguage\":\"de\",\"potentialAction\":[{\"@type\":\"ReadAction\",\"target\":[\"https:\\\/\\\/h-r.spdns.de\\\/galerie\\\/featuredposts\\\/abstraktes\\\/\"]}]},{\"@type\":\"ImageObject\",\"inLanguage\":\"de\",\"@id\":\"https:\\\/\\\/h-r.spdns.de\\\/galerie\\\/featuredposts\\\/abstraktes\\\/#primaryimage\",\"url\":\"https:\\\/\\\/h-r.spdns.de\\\/galerie\\\/wp-content\\\/uploads\\\/qFeaturedPost-007-von-010.jpg\",\"contentUrl\":\"https:\\\/\\\/h-r.spdns.de\\\/galerie\\\/wp-content\\\/uploads\\\/qFeaturedPost-007-von-010.jpg\",\"width\":640,\"height\":640,\"caption\":\"Mehrfachbelichtung (Durchschnittsmenge) aus drei Einzelbildern mit unterschiedlicher Brennweite. (Hinweis: Dieses Foto wurde am 26.06.2016 bei heise-Foto zum \\\"Bild des Tages\\\" gew\u00e4hlt)\"},{\"@type\":\"BreadcrumbList\",\"@id\":\"https:\\\/\\\/h-r.spdns.de\\\/galerie\\\/featuredposts\\\/abstraktes\\\/#breadcrumb\",\"itemListElement\":[{\"@type\":\"ListItem\",\"position\":1,\"name\":\"Startseite\",\"item\":\"https:\\\/\\\/h-r.spdns.de\\\/galerie\\\/\"},{\"@type\":\"ListItem\",\"position\":2,\"name\":\"Abstraktes\"}]},{\"@type\":\"WebSite\",\"@id\":\"https:\\\/\\\/h-r.spdns.de\\\/galerie\\\/#website\",\"url\":\"https:\\\/\\\/h-r.spdns.de\\\/galerie\\\/\",\"name\":\"Heiko R\u00f6bke Photography\",\"description\":\"Momente &amp; Impressionen\",\"publisher\":{\"@id\":\"https:\\\/\\\/h-r.spdns.de\\\/galerie\\\/#\\\/schema\\\/person\\\/184593075d9bf5f5c7e2d6d9bdb2b703\"},\"potentialAction\":[{\"@type\":\"SearchAction\",\"target\":{\"@type\":\"EntryPoint\",\"urlTemplate\":\"https:\\\/\\\/h-r.spdns.de\\\/galerie\\\/?s={search_term_string}\"},\"query-input\":{\"@type\":\"PropertyValueSpecification\",\"valueRequired\":true,\"valueName\":\"search_term_string\"}}],\"inLanguage\":\"de\"},{\"@type\":[\"Person\",\"Organization\"],\"@id\":\"https:\\\/\\\/h-r.spdns.de\\\/galerie\\\/#\\\/schema\\\/person\\\/184593075d9bf5f5c7e2d6d9bdb2b703\",\"name\":\"Heiko\",\"image\":{\"@type\":\"ImageObject\",\"inLanguage\":\"de\",\"@id\":\"https:\\\/\\\/h-r.spdns.de\\\/galerie\\\/wp-content\\\/uploads\\\/2016\\\/11\\\/cropped-WordpressHomeSlideshow-10-e1587147672908.jpg\",\"url\":\"https:\\\/\\\/h-r.spdns.de\\\/galerie\\\/wp-content\\\/uploads\\\/2016\\\/11\\\/cropped-WordpressHomeSlideshow-10-e1587147672908.jpg\",\"contentUrl\":\"https:\\\/\\\/h-r.spdns.de\\\/galerie\\\/wp-content\\\/uploads\\\/2016\\\/11\\\/cropped-WordpressHomeSlideshow-10-e1587147672908.jpg\",\"width\":256,\"height\":256,\"caption\":\"Heiko\"},\"logo\":{\"@id\":\"https:\\\/\\\/h-r.spdns.de\\\/galerie\\\/wp-content\\\/uploads\\\/2016\\\/11\\\/cropped-WordpressHomeSlideshow-10-e1587147672908.jpg\"},\"sameAs\":[\"http:\\\/\\\/www.heiko-roebke-photography.de\",\"heiko.roebke.photography\"]}]}<\/script>\n<!-- \/ Yoast SEO plugin. -->","yoast_head_json":{"title":"Abstraktes - Heiko R\u00f6bke Photography","description":"Abstraktes Abstrakt Formen Strukturen Perspektiven PhantasieFormen Strukturen","robots":{"index":"index","follow":"follow","max-snippet":"max-snippet:-1","max-image-preview":"max-image-preview:large","max-video-preview":"max-video-preview:-1"},"canonical":"https:\/\/h-r.spdns.de\/galerie\/featuredposts\/abstraktes\/","og_locale":"de_DE","og_type":"article","og_title":"Abstraktes - Heiko R\u00f6bke Photography","og_description":"Abstraktes Abstrakt Formen Strukturen Perspektiven PhantasieFormen Strukturen","og_url":"https:\/\/h-r.spdns.de\/galerie\/featuredposts\/abstraktes\/","og_site_name":"Heiko R\u00f6bke Photography","article_published_time":"2014-12-31T18:05:40+00:00","article_modified_time":"2025-01-08T16:38:32+00:00","og_image":[{"width":640,"height":640,"url":"https:\/\/h-r.spdns.de\/galerie\/wp-content\/uploads\/qFeaturedPost-007-von-010.jpg","type":"image\/jpeg"}],"author":"Heiko","twitter_card":"summary_large_image","twitter_misc":{"Verfasst von":"Heiko","Gesch\u00e4tzte Lesezeit":"1\u00a0Minute"},"schema":{"@context":"https:\/\/schema.org","@graph":[{"@type":"Article","@id":"https:\/\/h-r.spdns.de\/galerie\/featuredposts\/abstraktes\/#article","isPartOf":{"@id":"https:\/\/h-r.spdns.de\/galerie\/featuredposts\/abstraktes\/"},"author":{"name":"Heiko","@id":"https:\/\/h-r.spdns.de\/galerie\/#\/schema\/person\/184593075d9bf5f5c7e2d6d9bdb2b703"},"headline":"Abstraktes","datePublished":"2014-12-31T18:05:40+00:00","dateModified":"2025-01-08T16:38:32+00:00","mainEntityOfPage":{"@id":"https:\/\/h-r.spdns.de\/galerie\/featuredposts\/abstraktes\/"},"wordCount":93,"commentCount":2,"publisher":{"@id":"https:\/\/h-r.spdns.de\/galerie\/#\/schema\/person\/184593075d9bf5f5c7e2d6d9bdb2b703"},"image":{"@id":"https:\/\/h-r.spdns.de\/galerie\/featuredposts\/abstraktes\/#primaryimage"},"thumbnailUrl":"https:\/\/h-r.spdns.de\/galerie\/wp-content\/uploads\/qFeaturedPost-007-von-010.jpg","articleSection":["FeaturedPosts"],"inLanguage":"de","potentialAction":[{"@type":"CommentAction","name":"Comment","target":["https:\/\/h-r.spdns.de\/galerie\/featuredposts\/abstraktes\/#respond"]}]},{"@type":"WebPage","@id":"https:\/\/h-r.spdns.de\/galerie\/featuredposts\/abstraktes\/","url":"https:\/\/h-r.spdns.de\/galerie\/featuredposts\/abstraktes\/","name":"Abstraktes - Heiko R\u00f6bke Photography","isPartOf":{"@id":"https:\/\/h-r.spdns.de\/galerie\/#website"},"primaryImageOfPage":{"@id":"https:\/\/h-r.spdns.de\/galerie\/featuredposts\/abstraktes\/#primaryimage"},"image":{"@id":"https:\/\/h-r.spdns.de\/galerie\/featuredposts\/abstraktes\/#primaryimage"},"thumbnailUrl":"https:\/\/h-r.spdns.de\/galerie\/wp-content\/uploads\/qFeaturedPost-007-von-010.jpg","datePublished":"2014-12-31T18:05:40+00:00","dateModified":"2025-01-08T16:38:32+00:00","description":"Abstraktes Abstrakt Formen Strukturen Perspektiven PhantasieFormen Strukturen","breadcrumb":{"@id":"https:\/\/h-r.spdns.de\/galerie\/featuredposts\/abstraktes\/#breadcrumb"},"inLanguage":"de","potentialAction":[{"@type":"ReadAction","target":["https:\/\/h-r.spdns.de\/galerie\/featuredposts\/abstraktes\/"]}]},{"@type":"ImageObject","inLanguage":"de","@id":"https:\/\/h-r.spdns.de\/galerie\/featuredposts\/abstraktes\/#primaryimage","url":"https:\/\/h-r.spdns.de\/galerie\/wp-content\/uploads\/qFeaturedPost-007-von-010.jpg","contentUrl":"https:\/\/h-r.spdns.de\/galerie\/wp-content\/uploads\/qFeaturedPost-007-von-010.jpg","width":640,"height":640,"caption":"Mehrfachbelichtung (Durchschnittsmenge) aus drei Einzelbildern mit unterschiedlicher Brennweite. (Hinweis: Dieses Foto wurde am 26.06.2016 bei heise-Foto zum \"Bild des Tages\" gew\u00e4hlt)"},{"@type":"BreadcrumbList","@id":"https:\/\/h-r.spdns.de\/galerie\/featuredposts\/abstraktes\/#breadcrumb","itemListElement":[{"@type":"ListItem","position":1,"name":"Startseite","item":"https:\/\/h-r.spdns.de\/galerie\/"},{"@type":"ListItem","position":2,"name":"Abstraktes"}]},{"@type":"WebSite","@id":"https:\/\/h-r.spdns.de\/galerie\/#website","url":"https:\/\/h-r.spdns.de\/galerie\/","name":"Heiko R\u00f6bke Photography","description":"Momente &amp; Impressionen","publisher":{"@id":"https:\/\/h-r.spdns.de\/galerie\/#\/schema\/person\/184593075d9bf5f5c7e2d6d9bdb2b703"},"potentialAction":[{"@type":"SearchAction","target":{"@type":"EntryPoint","urlTemplate":"https:\/\/h-r.spdns.de\/galerie\/?s={search_term_string}"},"query-input":{"@type":"PropertyValueSpecification","valueRequired":true,"valueName":"search_term_string"}}],"inLanguage":"de"},{"@type":["Person","Organization"],"@id":"https:\/\/h-r.spdns.de\/galerie\/#\/schema\/person\/184593075d9bf5f5c7e2d6d9bdb2b703","name":"Heiko","image":{"@type":"ImageObject","inLanguage":"de","@id":"https:\/\/h-r.spdns.de\/galerie\/wp-content\/uploads\/2016\/11\/cropped-WordpressHomeSlideshow-10-e1587147672908.jpg","url":"https:\/\/h-r.spdns.de\/galerie\/wp-content\/uploads\/2016\/11\/cropped-WordpressHomeSlideshow-10-e1587147672908.jpg","contentUrl":"https:\/\/h-r.spdns.de\/galerie\/wp-content\/uploads\/2016\/11\/cropped-WordpressHomeSlideshow-10-e1587147672908.jpg","width":256,"height":256,"caption":"Heiko"},"logo":{"@id":"https:\/\/h-r.spdns.de\/galerie\/wp-content\/uploads\/2016\/11\/cropped-WordpressHomeSlideshow-10-e1587147672908.jpg"},"sameAs":["http:\/\/www.heiko-roebke-photography.de","heiko.roebke.photography"]}]}},"_links":{"self":[{"href":"https:\/\/h-r.spdns.de\/galerie\/wp-json\/wp\/v2\/posts\/9490","targetHints":{"allow":["GET"]}}],"collection":[{"href":"https:\/\/h-r.spdns.de\/galerie\/wp-json\/wp\/v2\/posts"}],"about":[{"href":"https:\/\/h-r.spdns.de\/galerie\/wp-json\/wp\/v2\/types\/post"}],"author":[{"embeddable":true,"href":"https:\/\/h-r.spdns.de\/galerie\/wp-json\/wp\/v2\/users\/1"}],"replies":[{"embeddable":true,"href":"https:\/\/h-r.spdns.de\/galerie\/wp-json\/wp\/v2\/comments?post=9490"}],"version-history":[{"count":2,"href":"https:\/\/h-r.spdns.de\/galerie\/wp-json\/wp\/v2\/posts\/9490\/revisions"}],"predecessor-version":[{"id":17917,"href":"https:\/\/h-r.spdns.de\/galerie\/wp-json\/wp\/v2\/posts\/9490\/revisions\/17917"}],"wp:featuredmedia":[{"embeddable":true,"href":"https:\/\/h-r.spdns.de\/galerie\/wp-json\/wp\/v2\/media\/10417"}],"wp:attachment":[{"href":"https:\/\/h-r.spdns.de\/galerie\/wp-json\/wp\/v2\/media?parent=9490"}],"wp:term":[{"taxonomy":"category","embeddable":true,"href":"https:\/\/h-r.spdns.de\/galerie\/wp-json\/wp\/v2\/categories?post=9490"},{"taxonomy":"post_tag","embeddable":true,"href":"https:\/\/h-r.spdns.de\/galerie\/wp-json\/wp\/v2\/tags?post=9490"}],"curies":[{"name":"wp","href":"https:\/\/api.w.org\/{rel}","templated":true}]}}